{"id":7168,"date":"2020-04-25T11:30:17","date_gmt":"2020-04-25T09:30:17","guid":{"rendered":"https:\/\/www.bibicomedia.fr\/?p=7168"},"modified":"2026-03-20T09:36:28","modified_gmt":"2026-03-20T08:36:28","slug":"les-coups-de-coeur-de-gilles-san-juan-bibi-comedia","status":"publish","type":"post","link":"https:\/\/www.bibicomedia.fr\/index.php\/2020\/04\/25\/les-coups-de-coeur-de-gilles-san-juan-bibi-comedia\/","title":{"rendered":"SOIR\u00c9E LYRIQUE &#038; D\u00c9GUSTATION &#8211; Bibi Comedia"},"content":{"rendered":"\n<p class=\"has-text-align-center has-custom-font\" style=\"font-family:Oswald;font-size:25px\"><strong><strong>SOIR\u00c9E EXCEPTIONNELLE AU BIBI COMEDIA<\/strong><\/strong> en compagnie de GILLES SAN JUAN<\/p>\n\n\n\n<p class=\"has-text-align-center has-custom-font\" style=\"font-family:Ubuntu;font-size:35px\"><strong>Samedi 2 Mai <\/strong>&#8211;  18h<\/p>\n\n\n\n<p>Le&nbsp;<strong>BIBI COMEDIA<\/strong>&nbsp;vous propose une soir\u00e9e originale m\u00ealant&nbsp;<strong>musique lyrique et d\u00e9couverte du whisky \u00e9cossais<\/strong>.<\/p>\n\n\n\n<p><strong>18h00 \u2013 Concert<\/strong><br><em>\u00ab Un t\u00e9nor en libert\u00e9 \u00bb<\/em><br>Un tour de chant interpr\u00e9t\u00e9 par le t\u00e9nor&nbsp;<strong>Gilles San Juan<\/strong>, dans un programme m\u00ealant grands airs et surprises musicales.<\/p>\n\n\n\n<p><strong>19h00 \u2013 D\u00e9gustation comment\u00e9e de whiskies \u00e9cossais<\/strong><br>Anim\u00e9e par la&nbsp;<strong>Confr\u00e9rie de l\u2019Ordre des Taste Whisky \u00c9cossais COTWE&nbsp;<\/strong><\/p>\n\n\n\n<p>Trois membres de la confr\u00e9rie, en tenue \u00e9cossaise, vous feront d\u00e9couvrir l\u2019histoire et les particularit\u00e9s de plusieurs whiskies \u00e0 travers une d\u00e9gustation comment\u00e9e.<\/p>\n\n\n\n<p>Une soir\u00e9e conviviale plac\u00e9e sous le signe de la&nbsp;<strong>musique, du partage et de la d\u00e9couverte<\/strong>.<\/p>\n\n\n\n<div class=\"wp-block-media-text alignwide is-stacked-on-mobile\"><figure class=\"wp-block-media-text__media\"><img loading=\"lazy\" width=\"724\" height=\"1024\" src=\"https:\/\/www.bibicomedia.fr\/wp-content\/uploads\/2026\/03\/GILLES-SAN-JUAN-2-MAI-724x1024.jpg\" alt=\"\" class=\"wp-image-12445 size-full\" srcset=\"https:\/\/www.bibicomedia.fr\/wp-content\/uploads\/2026\/03\/GILLES-SAN-JUAN-2-MAI-724x1024.jpg 724w, https:\/\/www.bibicomedia.fr\/wp-content\/uploads\/2026\/03\/GILLES-SAN-JUAN-2-MAI-212x300.jpg 212w, https:\/\/www.bibicomedia.fr\/wp-content\/uploads\/2026\/03\/GILLES-SAN-JUAN-2-MAI-768x1086.jpg 768w, https:\/\/www.bibicomedia.fr\/wp-content\/uploads\/2026\/03\/GILLES-SAN-JUAN-2-MAI-1086x1536.jpg 1086w, https:\/\/www.bibicomedia.fr\/wp-content\/uploads\/2026\/03\/GILLES-SAN-JUAN-2-MAI-1448x2048.jpg 1448w, https:\/\/www.bibicomedia.fr\/wp-content\/uploads\/2026\/03\/GILLES-SAN-JUAN-2-MAI-600x849.jpg 600w, https:\/\/www.bibicomedia.fr\/wp-content\/uploads\/2026\/03\/GILLES-SAN-JUAN-2-MAI.jpg 1587w\" sizes=\"(max-width: 724px) 100vw, 724px\" \/><\/figure><div class=\"wp-block-media-text__content\">\n<p><strong><u><mark style=\"background-color:#ffffff\" class=\"has-inline-color has-black-color\">LE SPECTACLE&nbsp;:<\/mark><\/u><\/strong><\/p>\n\n\n\n<p><strong>Voyage en chansons autour du monde&#8230; les coups de c\u0153ur et les inspirations musicales de Gilles San Jean&#8230;<\/strong><\/p>\n\n\n\n<p>Le t\u00e9nor Gilles San Juan, com\u00e9dien de formation (\u00e9l\u00e8ve de Julien Bertheau), a commenc\u00e9 ses \u00e9tudes de chant en 1988 au C.N.R. de Nice dans la classe du t\u00e9nor Albert Lance, effectue un passage reconnu au sein du Ch\u0153ur de l\u2019Arm\u00e9e Fran\u00e7aise \u00e0 Paris o\u00f9 il sera conseill\u00e9 d\u00e8s 1990 par Mr. Gabriel Dussurget (fondateur du Festival d\u2019Aix-en-Provence) puis d\u00e9bute sa carri\u00e8re comme soliste dans la troupe de l\u2019Op\u00e9ra de Nice (1997-2003) sous la direction de Gian-Carlo Del Monaco. <\/p>\n\n\n\n<p>Son r\u00e9pertoire classique et belcantiste s\u2019\u00e9tend \u00e0 l\u2019op\u00e9ra, l\u2019op\u00e9rette et la com\u00e9die musicale jusqu\u2019aux cr\u00e9ations contemporaines. Il est aussi un fameux interpr\u00e8te de tango argentin (de Gardel \u00e0 Piazzolla) et chante&nbsp;&nbsp;aussi pour le cin\u00e9ma (\u00ab&nbsp;Faubourg 36&nbsp;\u00bb\u2026). Il se produit r\u00e9guli\u00e8rement sur de grandes sc\u00e8nes fran\u00e7aises et internationales&nbsp;&nbsp;(Stade de France pour \u00ab&nbsp;Turandot&nbsp;\u00bb, en Allemagne, en Suisse, en Italie\u2026) et est consid\u00e9r\u00e9 par la critique comme un artiste \u00ab&nbsp;proteiforme&nbsp;\u00bb capable de s\u2019adapter \u00e0 toute cr\u00e9ation artistique musicale, th\u00e9\u00e2trale et cin\u00e9matographique.Il a enseign\u00e9 le chant comme professeur associ\u00e9 \u00e0 l\u2019Ecole de Musique de Mougins (Sc\u00e8ne 55). Gilles San Juan devient Talent \u00e0 The Voice saison 8 (France 2019) dans l\u2019\u00e9quipe de Julien Clerc ainsi qu&rsquo;\u00e0 The Voice saison 12 (France 2023) avec le groupe \u00ab\u00a0Tenortonik\u00a0\u00bb.<\/p>\n\n\n\n<p><\/p>\n<\/div><\/div>\n\n\n\n<p>\ud83c\udf9f\u00a0<strong>Tarifs<\/strong><br>Spectacle + d\u00e9gustation :\u00a025 \u20ac<br>Spectacle seul : 18 \u20ac<\/p>\n\n\n\n<p>\u26a0\ufe0f D\u00e9gustation r\u00e9serv\u00e9e aux personnes majeures.<\/p>\n\n\n\n<p>R\u00e9servations obligatoires (places limit\u00e9es).<\/p>\n\n\n\n<h3 class=\"has-text-align-center\">R\u00e9servations au 06 95 77 35 59<\/h3>\n\n\n\n<p><strong>DUREE&nbsp;:<\/strong>&nbsp;60 minutes&nbsp;&nbsp;<\/p>\n\n\n\n<p><strong>ARTISTE:<\/strong>&nbsp;Gilles SAN JUAN<\/p>\n\n\n\n<p><strong>PUBLIC&nbsp;:<\/strong>&nbsp;Tout public<\/p>\n\n\n\n<p><strong>LIEU&nbsp;:<\/strong>&nbsp;Bibi Comedia<\/p>\n\n\n\n<div style=\"height:25px\" aria-hidden=\"true\" class=\"wp-block-spacer\"><\/div>\n\n\n\n<div class=\"wp-block-coblocks-row coblocks-row-01315949578 has-custom-lineheight has-custom-letterspacing\" data-columns=\"4\" data-layout=\"40-20-20-20\" style=\"line-height:1;letter-spacing:-0.7px;font-size:1px\"><div class=\"wp-block-coblocks-row__inner has-no-padding has-no-margin is-stacked-on-mobile has-medium-gutter\">\n<div class=\"wp-block-coblocks-column coblocks-column-01315955382\" style=\"width:40%\"><div class=\"wp-block-coblocks-column__inner has-no-padding has-no-margin\"><\/div><\/div>\n\n\n\n<div class=\"wp-block-coblocks-column coblocks-column-01315955387\" style=\"width:20%\"><div class=\"wp-block-coblocks-column__inner has-no-padding has-no-margin\"><\/div><\/div>\n\n\n\n<div class=\"wp-block-coblocks-column coblocks-column-01315955392\" style=\"width:20%\"><div class=\"wp-block-coblocks-column__inner has-no-padding has-no-margin\"><\/div><\/div>\n\n\n\n<div class=\"wp-block-coblocks-column coblocks-column-01315955396\" style=\"width:20%\"><div class=\"wp-block-coblocks-column__inner has-no-padding has-no-margin\"><\/div><\/div>\n<\/div><\/div>\n","protected":false},"excerpt":{"rendered":"<p> <span class=\"read-more\"><a class=\"more-link btn btn-transparent\" href=\"https:\/\/www.bibicomedia.fr\/index.php\/2020\/04\/25\/les-coups-de-coeur-de-gilles-san-juan-bibi-comedia\/\"><\/a><\/span><\/p>\n","protected":false},"author":5,"featured_media":12404,"comment_status":"closed","ping_status":"closed","sticky":false,"template":"","format":"aside","meta":{"_coblocks_attr":"ArialArialCormorant Garamond,Karla,Heebo,Asap,,Arial,Inconsolata,Lato,Georgia,,Oswald,Ubuntu","_coblocks_dimensions":"","_coblocks_responsive_height":"","_coblocks_accordion_ie_support":"","_uag_custom_page_level_css":""},"categories":[85],"tags":[],"uagb_featured_image_src":{"full":["https:\/\/www.bibicomedia.fr\/wp-content\/uploads\/2020\/07\/Capture-decran-2026-03-10-a-11.23.15.png",844,554,false],"thumbnail":["https:\/\/www.bibicomedia.fr\/wp-content\/uploads\/2020\/07\/Capture-decran-2026-03-10-a-11.23.15-150x150.png",150,150,true],"medium":["https:\/\/www.bibicomedia.fr\/wp-content\/uploads\/2020\/07\/Capture-decran-2026-03-10-a-11.23.15-300x197.png",300,197,true],"medium_large":["https:\/\/www.bibicomedia.fr\/wp-content\/uploads\/2020\/07\/Capture-decran-2026-03-10-a-11.23.15-768x504.png",768,504,true],"large":["https:\/\/www.bibicomedia.fr\/wp-content\/uploads\/2020\/07\/Capture-decran-2026-03-10-a-11.23.15.png",840,551,false],"1536x1536":["https:\/\/www.bibicomedia.fr\/wp-content\/uploads\/2020\/07\/Capture-decran-2026-03-10-a-11.23.15.png",844,554,false],"2048x2048":["https:\/\/www.bibicomedia.fr\/wp-content\/uploads\/2020\/07\/Capture-decran-2026-03-10-a-11.23.15.png",844,554,false],"post-thumbnail":["https:\/\/www.bibicomedia.fr\/wp-content\/uploads\/2020\/07\/Capture-decran-2026-03-10-a-11.23.15-420x280.png",420,280,true],"rock-star-slider":["https:\/\/www.bibicomedia.fr\/wp-content\/uploads\/2020\/07\/Capture-decran-2026-03-10-a-11.23.15.png",844,554,false],"rock-star-featured":["https:\/\/www.bibicomedia.fr\/wp-content\/uploads\/2020\/07\/Capture-decran-2026-03-10-a-11.23.15-840x554.png",840,554,true],"rock-star-landscape":["https:\/\/www.bibicomedia.fr\/wp-content\/uploads\/2020\/07\/Capture-decran-2026-03-10-a-11.23.15-385x257.png",385,257,true],"rock-star-small":["https:\/\/www.bibicomedia.fr\/wp-content\/uploads\/2020\/07\/Capture-decran-2026-03-10-a-11.23.15-90x68.png",90,68,true],"woocommerce_thumbnail":["https:\/\/www.bibicomedia.fr\/wp-content\/uploads\/2020\/07\/Capture-decran-2026-03-10-a-11.23.15-300x300.png",300,300,true],"woocommerce_single":["https:\/\/www.bibicomedia.fr\/wp-content\/uploads\/2020\/07\/Capture-decran-2026-03-10-a-11.23.15-600x394.png",600,394,true],"woocommerce_gallery_thumbnail":["https:\/\/www.bibicomedia.fr\/wp-content\/uploads\/2020\/07\/Capture-decran-2026-03-10-a-11.23.15-100x100.png",100,100,true]},"uagb_author_info":{"display_name":"aurelie NICOLLET","author_link":"https:\/\/www.bibicomedia.fr\/index.php\/author\/t4aog6lep\/"},"uagb_comment_info":0,"uagb_excerpt":null,"_links":{"self":[{"href":"https:\/\/www.bibicomedia.fr\/index.php\/wp-json\/wp\/v2\/posts\/7168"}],"collection":[{"href":"https:\/\/www.bibicomedia.fr\/index.php\/wp-json\/wp\/v2\/posts"}],"about":[{"href":"https:\/\/www.bibicomedia.fr\/index.php\/wp-json\/wp\/v2\/types\/post"}],"author":[{"embeddable":true,"href":"https:\/\/www.bibicomedia.fr\/index.php\/wp-json\/wp\/v2\/users\/5"}],"replies":[{"embeddable":true,"href":"https:\/\/www.bibicomedia.fr\/index.php\/wp-json\/wp\/v2\/comments?post=7168"}],"version-history":[{"count":9,"href":"https:\/\/www.bibicomedia.fr\/index.php\/wp-json\/wp\/v2\/posts\/7168\/revisions"}],"predecessor-version":[{"id":12446,"href":"https:\/\/www.bibicomedia.fr\/index.php\/wp-json\/wp\/v2\/posts\/7168\/revisions\/12446"}],"wp:featuredmedia":[{"embeddable":true,"href":"https:\/\/www.bibicomedia.fr\/index.php\/wp-json\/wp\/v2\/media\/12404"}],"wp:attachment":[{"href":"https:\/\/www.bibicomedia.fr\/index.php\/wp-json\/wp\/v2\/media?parent=7168"}],"wp:term":[{"taxonomy":"category","embeddable":true,"href":"https:\/\/www.bibicomedia.fr\/index.php\/wp-json\/wp\/v2\/categories?post=7168"},{"taxonomy":"post_tag","embeddable":true,"href":"https:\/\/www.bibicomedia.fr\/index.php\/wp-json\/wp\/v2\/tags?post=7168"}],"curies":[{"name":"wp","href":"https:\/\/api.w.org\/{rel}","templated":true}]}}